{"id":3076,"date":"2024-03-06T12:17:24","date_gmt":"2024-03-06T15:17:24","guid":{"rendered":"https:\/\/www.hospitalmyn.gob.ar\/site2019\/?p=3076"},"modified":"2024-03-06T12:17:24","modified_gmt":"2024-03-06T15:17:24","slug":"%f0%9f%94%b5escuela-hospitalaria-en-el-hmyn-inicio-del-ciclo-lectivo-2024","status":"publish","type":"post","link":"https:\/\/www.hospitalmyn.gob.ar\/site2019\/?p=3076","title":{"rendered":"\ud83d\udd35Escuela Hospitalaria en el HMyN: Inicio del Ciclo Lectivo 2024"},"content":{"rendered":"<div class=\"x11i5rnm xat24cr x1mh8g0r x1vvkbs xtlvy1s x126k92a\">\n<div dir=\"auto\"><span class=\"x3nfvp2 x1j61x8r x1fcty0u xdj266r xhhsvwb xat24cr xgzva0m xxymvpz xlup9mm x1kky2od\"><img decoding=\"async\" class=\"xz74otr lazyload\" data-src=\"https:\/\/static.xx.fbcdn.net\/images\/emoji.php\/v9\/t51\/1\/16\/1f449.png\" alt=\"\ud83d\udc49\" width=\"16\" height=\"16\" src=\"data:image\/svg+xml;base64,PHN2ZyB3aWR0aD0iMSIgaGVpZ2h0PSIxIiB4bWxucz0iaHR0cDovL3d3dy53My5vcmcvMjAwMC9zdmciPjwvc3ZnPg==\" style=\"--smush-placeholder-width: 16px; --smush-placeholder-aspect-ratio: 16\/16;\" \/><\/span>Se llev\u00f3 a cabo el acto da inicio de las actividades de la Escuelita Hospitalaria que funciona en el Servicio de Pediatr\u00eda, destinada a acompa\u00f1ar a los pacientes de nuestro Hospital.<\/div>\n<\/div>\n<div class=\"x11i5rnm xat24cr x1mh8g0r x1vvkbs xtlvy1s x126k92a\">\n<div dir=\"auto\"><span class=\"x3nfvp2 x1j61x8r x1fcty0u xdj266r xhhsvwb xat24cr xgzva0m xxymvpz xlup9mm x1kky2od\"><img decoding=\"async\" class=\"xz74otr lazyload\" data-src=\"https:\/\/static.xx.fbcdn.net\/images\/emoji.php\/v9\/t5c\/1\/16\/1f468_200d_2695.png\" alt=\"\ud83d\udc68\u200d\u2695\ufe0f\" width=\"16\" height=\"16\" src=\"data:image\/svg+xml;base64,PHN2ZyB3aWR0aD0iMSIgaGVpZ2h0PSIxIiB4bWxucz0iaHR0cDovL3d3dy53My5vcmcvMjAwMC9zdmciPjwvc3ZnPg==\" style=\"--smush-placeholder-width: 16px; --smush-placeholder-aspect-ratio: 16\/16;\" \/><\/span>Con presencia del Ministro de Salud de La Provincia, Dr. Juan Carlos Vergara, Autoridades del HMyN, la Directora Ejecutiva, Dra. Viviana P\u00e9rez, el Director Administrativo, Cdr. Lucas Oliva Sueldo, el Director Gral. De Modalidades Educativas del Ministerio de Educaci\u00f3n de La Provincia, Lic. Miguel Soria y la Coordinadora de la Modalidad de Educaci\u00f3n Domiciliaria y Hospitalaria, Lic Rosalba Torres.<\/div>\n<\/div>\n<div class=\"x11i5rnm xat24cr x1mh8g0r x1vvkbs xtlvy1s x126k92a\">\n<div dir=\"auto\">En ese sentido la Dra. P\u00e9rez brind\u00f3 palabras de bienvenida a los presentes y destac\u00f3 \u201cLa importancia del trabajo articulado en las distintas \u00e1reas del Estado en este caso Salud y Educaci\u00f3n, para poder garantizar el acompa\u00f1amiento a la familia\u201d. Por \u00faltimo resalt\u00f3 \u201cEs la decisi\u00f3n de nuestro Gobernador en tiempos de incertidumbre, acompa\u00f1ar a la comunidad\u201d.<br \/>\n<img fetchpriority=\"high\" decoding=\"async\" class=\"alignnone size-medium wp-image-3077\" src=\"https:\/\/www.hospitalmyn.gob.ar\/site2019\/wp-content\/uploads\/2024\/03\/409093627_910860007716082_5245828708866676045_n-240x300.jpg\" alt=\"\" width=\"240\" height=\"300\" srcset=\"https:\/\/www.hospitalmyn.gob.ar\/site2019\/wp-content\/uploads\/2024\/03\/409093627_910860007716082_5245828708866676045_n-240x300.jpg 240w, https:\/\/www.hospitalmyn.gob.ar\/site2019\/wp-content\/uploads\/2024\/03\/409093627_910860007716082_5245828708866676045_n-819x1024.jpg 819w, https:\/\/www.hospitalmyn.gob.ar\/site2019\/wp-content\/uploads\/2024\/03\/409093627_910860007716082_5245828708866676045_n-768x960.jpg 768w, https:\/\/www.hospitalmyn.gob.ar\/site2019\/wp-content\/uploads\/2024\/03\/409093627_910860007716082_5245828708866676045_n-1229x1536.jpg 1229w, https:\/\/www.hospitalmyn.gob.ar\/site2019\/wp-content\/uploads\/2024\/03\/409093627_910860007716082_5245828708866676045_n.jpg 1638w\" sizes=\"(max-width: 240px) 100vw, 240px\" \/> <img decoding=\"async\" class=\"alignnone size-medium wp-image-3078 lazyload\" data-src=\"https:\/\/www.hospitalmyn.gob.ar\/site2019\/wp-content\/uploads\/2024\/03\/429789475_910860061049410_1584635313743076329_n-240x300.jpg\" alt=\"\" width=\"240\" height=\"300\" data-srcset=\"https:\/\/www.hospitalmyn.gob.ar\/site2019\/wp-content\/uploads\/2024\/03\/429789475_910860061049410_1584635313743076329_n-240x300.jpg 240w, https:\/\/www.hospitalmyn.gob.ar\/site2019\/wp-content\/uploads\/2024\/03\/429789475_910860061049410_1584635313743076329_n-819x1024.jpg 819w, https:\/\/www.hospitalmyn.gob.ar\/site2019\/wp-content\/uploads\/2024\/03\/429789475_910860061049410_1584635313743076329_n-768x960.jpg 768w, https:\/\/www.hospitalmyn.gob.ar\/site2019\/wp-content\/uploads\/2024\/03\/429789475_910860061049410_1584635313743076329_n-1229x1536.jpg 1229w, https:\/\/www.hospitalmyn.gob.ar\/site2019\/wp-content\/uploads\/2024\/03\/429789475_910860061049410_1584635313743076329_n.jpg 1638w\" data-sizes=\"(max-width: 240px) 100vw, 240px\" src=\"data:image\/svg+xml;base64,PHN2ZyB3aWR0aD0iMSIgaGVpZ2h0PSIxIiB4bWxucz0iaHR0cDovL3d3dy53My5vcmcvMjAwMC9zdmciPjwvc3ZnPg==\" style=\"--smush-placeholder-width: 240px; --smush-placeholder-aspect-ratio: 240\/300;\" \/> <img decoding=\"async\" class=\"alignnone size-medium wp-image-3079 lazyload\" data-src=\"https:\/\/www.hospitalmyn.gob.ar\/site2019\/wp-content\/uploads\/2024\/03\/429671453_910860057716077_5540238337788099882_n-240x300.jpg\" alt=\"\" width=\"240\" height=\"300\" data-srcset=\"https:\/\/www.hospitalmyn.gob.ar\/site2019\/wp-content\/uploads\/2024\/03\/429671453_910860057716077_5540238337788099882_n-240x300.jpg 240w, https:\/\/www.hospitalmyn.gob.ar\/site2019\/wp-content\/uploads\/2024\/03\/429671453_910860057716077_5540238337788099882_n-819x1024.jpg 819w, https:\/\/www.hospitalmyn.gob.ar\/site2019\/wp-content\/uploads\/2024\/03\/429671453_910860057716077_5540238337788099882_n-768x960.jpg 768w, https:\/\/www.hospitalmyn.gob.ar\/site2019\/wp-content\/uploads\/2024\/03\/429671453_910860057716077_5540238337788099882_n-1229x1536.jpg 1229w, https:\/\/www.hospitalmyn.gob.ar\/site2019\/wp-content\/uploads\/2024\/03\/429671453_910860057716077_5540238337788099882_n.jpg 1638w\" data-sizes=\"(max-width: 240px) 100vw, 240px\" src=\"data:image\/svg+xml;base64,PHN2ZyB3aWR0aD0iMSIgaGVpZ2h0PSIxIiB4bWxucz0iaHR0cDovL3d3dy53My5vcmcvMjAwMC9zdmciPjwvc3ZnPg==\" style=\"--smush-placeholder-width: 240px; --smush-placeholder-aspect-ratio: 240\/300;\" \/> <img decoding=\"async\" class=\"alignnone size-medium wp-image-3080 lazyload\" data-src=\"https:\/\/www.hospitalmyn.gob.ar\/site2019\/wp-content\/uploads\/2024\/03\/429662737_910859924382757_7581562055554249379_n-240x300.jpg\" alt=\"\" width=\"240\" height=\"300\" data-srcset=\"https:\/\/www.hospitalmyn.gob.ar\/site2019\/wp-content\/uploads\/2024\/03\/429662737_910859924382757_7581562055554249379_n-240x300.jpg 240w, https:\/\/www.hospitalmyn.gob.ar\/site2019\/wp-content\/uploads\/2024\/03\/429662737_910859924382757_7581562055554249379_n-819x1024.jpg 819w, https:\/\/www.hospitalmyn.gob.ar\/site2019\/wp-content\/uploads\/2024\/03\/429662737_910859924382757_7581562055554249379_n-768x960.jpg 768w, https:\/\/www.hospitalmyn.gob.ar\/site2019\/wp-content\/uploads\/2024\/03\/429662737_910859924382757_7581562055554249379_n-1229x1536.jpg 1229w, https:\/\/www.hospitalmyn.gob.ar\/site2019\/wp-content\/uploads\/2024\/03\/429662737_910859924382757_7581562055554249379_n.jpg 1638w\" data-sizes=\"(max-width: 240px) 100vw, 240px\" src=\"data:image\/svg+xml;base64,PHN2ZyB3aWR0aD0iMSIgaGVpZ2h0PSIxIiB4bWxucz0iaHR0cDovL3d3dy53My5vcmcvMjAwMC9zdmciPjwvc3ZnPg==\" style=\"--smush-placeholder-width: 240px; --smush-placeholder-aspect-ratio: 240\/300;\" \/><\/div>\n<\/div>\n","protected":false},"excerpt":{"rendered":"<p>Se llev\u00f3 a cabo el acto da inicio de las actividades de la Escuelita Hospitalaria que funciona en el Servicio de Pediatr\u00eda, destinada a acompa\u00f1ar a los pacientes de nuestro Hospital. Con presencia del Ministro de Salud de La Provincia, Dr. Juan Carlos Vergara, Autoridades del HMyN, la Directora Ejecutiva, Dra. Viviana P\u00e9rez, el Director [&hellip;]<\/p>\n","protected":false},"author":1,"featured_media":3081,"comment_status":"closed","ping_status":"open","sticky":false,"template":"","format":"standard","meta":{"site-sidebar-layout":"default","site-content-layout":"","ast-site-content-layout":"default","site-content-style":"default","site-sidebar-style":"default","ast-global-header-display":"","ast-banner-title-visibility":"","ast-main-header-display":"","ast-hfb-above-header-display":"","ast-hfb-below-header-display":"","ast-hfb-mobile-header-display":"","site-post-title":"","ast-breadcrumbs-content":"","ast-featured-img":"","footer-sml-layout":"","ast-disable-related-posts":"","theme-transparent-header-meta":"default","adv-header-id-meta":"","stick-header-meta":"","header-above-stick-meta":"","header-main-stick-meta":"","header-below-stick-meta":"","astra-migrate-meta-layouts":"set","ast-page-background-enabled":"default","ast-page-background-meta":{"desktop":{"background-color":"","background-image":"","background-repeat":"repeat","background-position":"center center","background-size":"auto","background-attachment":"scroll","background-type":"","background-media":"","overlay-type":"","overlay-color":"","overlay-opacity":"","overlay-gradient":""},"tablet":{"background-color":"","background-image":"","background-repeat":"repeat","background-position":"center center","background-size":"auto","background-attachment":"scroll","background-type":"","background-media":"","overlay-type":"","overlay-color":"","overlay-opacity":"","overlay-gradient":""},"mobile":{"background-color":"","background-image":"","background-repeat":"repeat","background-position":"center center","background-size":"auto","background-attachment":"scroll","background-type":"","background-media":"","overlay-type":"","overlay-color":"","overlay-opacity":"","overlay-gradient":""}},"ast-content-background-meta":{"desktop":{"background-color":"var(--ast-global-color-5)","background-image":"","background-repeat":"repeat","background-position":"center center","background-size":"auto","background-attachment":"scroll","background-type":"","background-media":"","overlay-type":"","overlay-color":"","overlay-opacity":"","overlay-gradient":""},"tablet":{"background-color":"var(--ast-global-color-5)","background-image":"","background-repeat":"repeat","background-position":"center center","background-size":"auto","background-attachment":"scroll","background-type":"","background-media":"","overlay-type":"","overlay-color":"","overlay-opacity":"","overlay-gradient":""},"mobile":{"background-color":"var(--ast-global-color-5)","background-image":"","background-repeat":"repeat","background-position":"center center","background-size":"auto","background-attachment":"scroll","background-type":"","background-media":"","overlay-type":"","overlay-color":"","overlay-opacity":"","overlay-gradient":""}},"footnotes":""},"categories":[18],"tags":[],"class_list":["post-3076","post","type-post","status-publish","format-standard","has-post-thumbnail","hentry","category-noticia"],"yoast_head":"<!-- This site is optimized with the Yoast SEO plugin v28.1 - https:\/\/yoast.com\/product\/yoast-seo-wordpress\/ -->\n<title>\ud83d\udd35Escuela Hospitalaria en el HMyN: Inicio del Ciclo Lectivo 2024 - Hospital de la Madre y el Ni\u00f1o<\/title>\n<meta name=\"robots\" content=\"index, follow, max-snippet:-1, max-image-preview:large, max-video-preview:-1\" \/>\n<link rel=\"canonical\" href=\"https:\/\/www.hospitalmyn.gob.ar\/site2019\/?p=3076\" \/>\n<meta property=\"og:locale\" content=\"es_ES\" \/>\n<meta property=\"og:type\" content=\"article\" \/>\n<meta property=\"og:title\" content=\"\ud83d\udd35Escuela Hospitalaria en el HMyN: Inicio del Ciclo Lectivo 2024 - Hospital de la Madre y el Ni\u00f1o\" \/>\n<meta property=\"og:description\" content=\"Se llev\u00f3 a cabo el acto da inicio de las actividades de la Escuelita Hospitalaria que funciona en el Servicio de Pediatr\u00eda, destinada a acompa\u00f1ar a los pacientes de nuestro Hospital. Con presencia del Ministro de Salud de La Provincia, Dr. Juan Carlos Vergara, Autoridades del HMyN, la Directora Ejecutiva, Dra. Viviana P\u00e9rez, el Director [&hellip;]\" \/>\n<meta property=\"og:url\" content=\"https:\/\/www.hospitalmyn.gob.ar\/site2019\/?p=3076\" \/>\n<meta property=\"og:site_name\" content=\"Hospital de la Madre y el Ni\u00f1o\" \/>\n<meta property=\"article:published_time\" content=\"2024-03-06T15:17:24+00:00\" \/>\n<meta property=\"og:image\" content=\"https:\/\/www.hospitalmyn.gob.ar\/site2019\/wp-content\/uploads\/2024\/03\/430040594_910859964382753_398730163048811340_n.jpg\" \/>\n\t<meta property=\"og:image:width\" content=\"1638\" \/>\n\t<meta property=\"og:image:height\" content=\"2048\" \/>\n\t<meta property=\"og:image:type\" content=\"image\/jpeg\" \/>\n<meta name=\"author\" content=\"sinfo\" \/>\n<meta name=\"twitter:card\" content=\"summary_large_image\" \/>\n<meta name=\"twitter:label1\" content=\"Escrito por\" \/>\n\t<meta name=\"twitter:data1\" content=\"sinfo\" \/>\n\t<meta name=\"twitter:label2\" content=\"Tiempo de lectura\" \/>\n\t<meta name=\"twitter:data2\" content=\"1 minuto\" \/>\n<script type=\"application\/ld+json\" class=\"yoast-schema-graph\">{\"@context\":\"https:\\\/\\\/schema.org\",\"@graph\":[{\"@type\":\"Article\",\"@id\":\"https:\\\/\\\/www.hospitalmyn.gob.ar\\\/site2019\\\/?p=3076#article\",\"isPartOf\":{\"@id\":\"https:\\\/\\\/www.hospitalmyn.gob.ar\\\/site2019\\\/?p=3076\"},\"author\":{\"name\":\"sinfo\",\"@id\":\"https:\\\/\\\/www.hospitalmyn.gob.ar\\\/site2019\\\/#\\\/schema\\\/person\\\/1b9b6cb2eb44bb5487b22b4873d04ea8\"},\"headline\":\"\ud83d\udd35Escuela Hospitalaria en el HMyN: Inicio del Ciclo Lectivo 2024\",\"datePublished\":\"2024-03-06T15:17:24+00:00\",\"mainEntityOfPage\":{\"@id\":\"https:\\\/\\\/www.hospitalmyn.gob.ar\\\/site2019\\\/?p=3076\"},\"wordCount\":166,\"publisher\":{\"@id\":\"https:\\\/\\\/www.hospitalmyn.gob.ar\\\/site2019\\\/#organization\"},\"image\":{\"@id\":\"https:\\\/\\\/www.hospitalmyn.gob.ar\\\/site2019\\\/?p=3076#primaryimage\"},\"thumbnailUrl\":\"https:\\\/\\\/www.hospitalmyn.gob.ar\\\/site2019\\\/wp-content\\\/uploads\\\/2024\\\/03\\\/430040594_910859964382753_398730163048811340_n.jpg\",\"articleSection\":[\"Noticia\"],\"inLanguage\":\"es-AR\"},{\"@type\":\"WebPage\",\"@id\":\"https:\\\/\\\/www.hospitalmyn.gob.ar\\\/site2019\\\/?p=3076\",\"url\":\"https:\\\/\\\/www.hospitalmyn.gob.ar\\\/site2019\\\/?p=3076\",\"name\":\"\ud83d\udd35Escuela Hospitalaria en el HMyN: Inicio del Ciclo Lectivo 2024 - Hospital de la Madre y el Ni\u00f1o\",\"isPartOf\":{\"@id\":\"https:\\\/\\\/www.hospitalmyn.gob.ar\\\/site2019\\\/#website\"},\"primaryImageOfPage\":{\"@id\":\"https:\\\/\\\/www.hospitalmyn.gob.ar\\\/site2019\\\/?p=3076#primaryimage\"},\"image\":{\"@id\":\"https:\\\/\\\/www.hospitalmyn.gob.ar\\\/site2019\\\/?p=3076#primaryimage\"},\"thumbnailUrl\":\"https:\\\/\\\/www.hospitalmyn.gob.ar\\\/site2019\\\/wp-content\\\/uploads\\\/2024\\\/03\\\/430040594_910859964382753_398730163048811340_n.jpg\",\"datePublished\":\"2024-03-06T15:17:24+00:00\",\"breadcrumb\":{\"@id\":\"https:\\\/\\\/www.hospitalmyn.gob.ar\\\/site2019\\\/?p=3076#breadcrumb\"},\"inLanguage\":\"es-AR\",\"potentialAction\":[{\"@type\":\"ReadAction\",\"target\":[\"https:\\\/\\\/www.hospitalmyn.gob.ar\\\/site2019\\\/?p=3076\"]}]},{\"@type\":\"ImageObject\",\"inLanguage\":\"es-AR\",\"@id\":\"https:\\\/\\\/www.hospitalmyn.gob.ar\\\/site2019\\\/?p=3076#primaryimage\",\"url\":\"https:\\\/\\\/www.hospitalmyn.gob.ar\\\/site2019\\\/wp-content\\\/uploads\\\/2024\\\/03\\\/430040594_910859964382753_398730163048811340_n.jpg\",\"contentUrl\":\"https:\\\/\\\/www.hospitalmyn.gob.ar\\\/site2019\\\/wp-content\\\/uploads\\\/2024\\\/03\\\/430040594_910859964382753_398730163048811340_n.jpg\",\"width\":1638,\"height\":2048},{\"@type\":\"BreadcrumbList\",\"@id\":\"https:\\\/\\\/www.hospitalmyn.gob.ar\\\/site2019\\\/?p=3076#breadcrumb\",\"itemListElement\":[{\"@type\":\"ListItem\",\"position\":1,\"name\":\"Inicio\",\"item\":\"https:\\\/\\\/www.hospitalmyn.gob.ar\\\/site2019\\\/\"},{\"@type\":\"ListItem\",\"position\":2,\"name\":\"\ud83d\udd35Escuela Hospitalaria en el HMyN: Inicio del Ciclo Lectivo 2024\"}]},{\"@type\":\"WebSite\",\"@id\":\"https:\\\/\\\/www.hospitalmyn.gob.ar\\\/site2019\\\/#website\",\"url\":\"https:\\\/\\\/www.hospitalmyn.gob.ar\\\/site2019\\\/\",\"name\":\"Hospital de la Madre y el Ni\u00f1o\",\"description\":\"\",\"publisher\":{\"@id\":\"https:\\\/\\\/www.hospitalmyn.gob.ar\\\/site2019\\\/#organization\"},\"potentialAction\":[{\"@type\":\"SearchAction\",\"target\":{\"@type\":\"EntryPoint\",\"urlTemplate\":\"https:\\\/\\\/www.hospitalmyn.gob.ar\\\/site2019\\\/?s={search_term_string}\"},\"query-input\":{\"@type\":\"PropertyValueSpecification\",\"valueRequired\":true,\"valueName\":\"search_term_string\"}}],\"inLanguage\":\"es-AR\"},{\"@type\":\"Organization\",\"@id\":\"https:\\\/\\\/www.hospitalmyn.gob.ar\\\/site2019\\\/#organization\",\"name\":\"Hospital de la Madre y el Ni\u00f1o\",\"url\":\"https:\\\/\\\/www.hospitalmyn.gob.ar\\\/site2019\\\/\",\"logo\":{\"@type\":\"ImageObject\",\"inLanguage\":\"es-AR\",\"@id\":\"https:\\\/\\\/www.hospitalmyn.gob.ar\\\/site2019\\\/#\\\/schema\\\/logo\\\/image\\\/\",\"url\":\"https:\\\/\\\/www.hospitalmyn.gob.ar\\\/site2019\\\/wp-content\\\/uploads\\\/2018\\\/12\\\/LOGOPNG80X80.png\",\"contentUrl\":\"https:\\\/\\\/www.hospitalmyn.gob.ar\\\/site2019\\\/wp-content\\\/uploads\\\/2018\\\/12\\\/LOGOPNG80X80.png\",\"width\":80,\"height\":80,\"caption\":\"Hospital de la Madre y el Ni\u00f1o\"},\"image\":{\"@id\":\"https:\\\/\\\/www.hospitalmyn.gob.ar\\\/site2019\\\/#\\\/schema\\\/logo\\\/image\\\/\"}},{\"@type\":\"Person\",\"@id\":\"https:\\\/\\\/www.hospitalmyn.gob.ar\\\/site2019\\\/#\\\/schema\\\/person\\\/1b9b6cb2eb44bb5487b22b4873d04ea8\",\"name\":\"sinfo\",\"image\":{\"@type\":\"ImageObject\",\"inLanguage\":\"es-AR\",\"@id\":\"https:\\\/\\\/secure.gravatar.com\\\/avatar\\\/88aebbf8c8ff3b411915a426a24cda3437d782f0685d4969c1f26223bfc3d2d2?s=96&d=mm&r=g\",\"url\":\"https:\\\/\\\/secure.gravatar.com\\\/avatar\\\/88aebbf8c8ff3b411915a426a24cda3437d782f0685d4969c1f26223bfc3d2d2?s=96&d=mm&r=g\",\"contentUrl\":\"https:\\\/\\\/secure.gravatar.com\\\/avatar\\\/88aebbf8c8ff3b411915a426a24cda3437d782f0685d4969c1f26223bfc3d2d2?s=96&d=mm&r=g\",\"caption\":\"sinfo\"},\"url\":\"https:\\\/\\\/www.hospitalmyn.gob.ar\\\/site2019\\\/?author=1\"}]}<\/script>\n<!-- \/ Yoast SEO plugin. -->","yoast_head_json":{"title":"\ud83d\udd35Escuela Hospitalaria en el HMyN: Inicio del Ciclo Lectivo 2024 - Hospital de la Madre y el Ni\u00f1o","robots":{"index":"index","follow":"follow","max-snippet":"max-snippet:-1","max-image-preview":"max-image-preview:large","max-video-preview":"max-video-preview:-1"},"canonical":"https:\/\/www.hospitalmyn.gob.ar\/site2019\/?p=3076","og_locale":"es_ES","og_type":"article","og_title":"\ud83d\udd35Escuela Hospitalaria en el HMyN: Inicio del Ciclo Lectivo 2024 - Hospital de la Madre y el Ni\u00f1o","og_description":"Se llev\u00f3 a cabo el acto da inicio de las actividades de la Escuelita Hospitalaria que funciona en el Servicio de Pediatr\u00eda, destinada a acompa\u00f1ar a los pacientes de nuestro Hospital. Con presencia del Ministro de Salud de La Provincia, Dr. Juan Carlos Vergara, Autoridades del HMyN, la Directora Ejecutiva, Dra. Viviana P\u00e9rez, el Director [&hellip;]","og_url":"https:\/\/www.hospitalmyn.gob.ar\/site2019\/?p=3076","og_site_name":"Hospital de la Madre y el Ni\u00f1o","article_published_time":"2024-03-06T15:17:24+00:00","og_image":[{"width":1638,"height":2048,"url":"https:\/\/www.hospitalmyn.gob.ar\/site2019\/wp-content\/uploads\/2024\/03\/430040594_910859964382753_398730163048811340_n.jpg","type":"image\/jpeg"}],"author":"sinfo","twitter_card":"summary_large_image","twitter_misc":{"Escrito por":"sinfo","Tiempo de lectura":"1 minuto"},"schema":{"@context":"https:\/\/schema.org","@graph":[{"@type":"Article","@id":"https:\/\/www.hospitalmyn.gob.ar\/site2019\/?p=3076#article","isPartOf":{"@id":"https:\/\/www.hospitalmyn.gob.ar\/site2019\/?p=3076"},"author":{"name":"sinfo","@id":"https:\/\/www.hospitalmyn.gob.ar\/site2019\/#\/schema\/person\/1b9b6cb2eb44bb5487b22b4873d04ea8"},"headline":"\ud83d\udd35Escuela Hospitalaria en el HMyN: Inicio del Ciclo Lectivo 2024","datePublished":"2024-03-06T15:17:24+00:00","mainEntityOfPage":{"@id":"https:\/\/www.hospitalmyn.gob.ar\/site2019\/?p=3076"},"wordCount":166,"publisher":{"@id":"https:\/\/www.hospitalmyn.gob.ar\/site2019\/#organization"},"image":{"@id":"https:\/\/www.hospitalmyn.gob.ar\/site2019\/?p=3076#primaryimage"},"thumbnailUrl":"https:\/\/www.hospitalmyn.gob.ar\/site2019\/wp-content\/uploads\/2024\/03\/430040594_910859964382753_398730163048811340_n.jpg","articleSection":["Noticia"],"inLanguage":"es-AR"},{"@type":"WebPage","@id":"https:\/\/www.hospitalmyn.gob.ar\/site2019\/?p=3076","url":"https:\/\/www.hospitalmyn.gob.ar\/site2019\/?p=3076","name":"\ud83d\udd35Escuela Hospitalaria en el HMyN: Inicio del Ciclo Lectivo 2024 - Hospital de la Madre y el Ni\u00f1o","isPartOf":{"@id":"https:\/\/www.hospitalmyn.gob.ar\/site2019\/#website"},"primaryImageOfPage":{"@id":"https:\/\/www.hospitalmyn.gob.ar\/site2019\/?p=3076#primaryimage"},"image":{"@id":"https:\/\/www.hospitalmyn.gob.ar\/site2019\/?p=3076#primaryimage"},"thumbnailUrl":"https:\/\/www.hospitalmyn.gob.ar\/site2019\/wp-content\/uploads\/2024\/03\/430040594_910859964382753_398730163048811340_n.jpg","datePublished":"2024-03-06T15:17:24+00:00","breadcrumb":{"@id":"https:\/\/www.hospitalmyn.gob.ar\/site2019\/?p=3076#breadcrumb"},"inLanguage":"es-AR","potentialAction":[{"@type":"ReadAction","target":["https:\/\/www.hospitalmyn.gob.ar\/site2019\/?p=3076"]}]},{"@type":"ImageObject","inLanguage":"es-AR","@id":"https:\/\/www.hospitalmyn.gob.ar\/site2019\/?p=3076#primaryimage","url":"https:\/\/www.hospitalmyn.gob.ar\/site2019\/wp-content\/uploads\/2024\/03\/430040594_910859964382753_398730163048811340_n.jpg","contentUrl":"https:\/\/www.hospitalmyn.gob.ar\/site2019\/wp-content\/uploads\/2024\/03\/430040594_910859964382753_398730163048811340_n.jpg","width":1638,"height":2048},{"@type":"BreadcrumbList","@id":"https:\/\/www.hospitalmyn.gob.ar\/site2019\/?p=3076#breadcrumb","itemListElement":[{"@type":"ListItem","position":1,"name":"Inicio","item":"https:\/\/www.hospitalmyn.gob.ar\/site2019\/"},{"@type":"ListItem","position":2,"name":"\ud83d\udd35Escuela Hospitalaria en el HMyN: Inicio del Ciclo Lectivo 2024"}]},{"@type":"WebSite","@id":"https:\/\/www.hospitalmyn.gob.ar\/site2019\/#website","url":"https:\/\/www.hospitalmyn.gob.ar\/site2019\/","name":"Hospital de la Madre y el Ni\u00f1o","description":"","publisher":{"@id":"https:\/\/www.hospitalmyn.gob.ar\/site2019\/#organization"},"potentialAction":[{"@type":"SearchAction","target":{"@type":"EntryPoint","urlTemplate":"https:\/\/www.hospitalmyn.gob.ar\/site2019\/?s={search_term_string}"},"query-input":{"@type":"PropertyValueSpecification","valueRequired":true,"valueName":"search_term_string"}}],"inLanguage":"es-AR"},{"@type":"Organization","@id":"https:\/\/www.hospitalmyn.gob.ar\/site2019\/#organization","name":"Hospital de la Madre y el Ni\u00f1o","url":"https:\/\/www.hospitalmyn.gob.ar\/site2019\/","logo":{"@type":"ImageObject","inLanguage":"es-AR","@id":"https:\/\/www.hospitalmyn.gob.ar\/site2019\/#\/schema\/logo\/image\/","url":"https:\/\/www.hospitalmyn.gob.ar\/site2019\/wp-content\/uploads\/2018\/12\/LOGOPNG80X80.png","contentUrl":"https:\/\/www.hospitalmyn.gob.ar\/site2019\/wp-content\/uploads\/2018\/12\/LOGOPNG80X80.png","width":80,"height":80,"caption":"Hospital de la Madre y el Ni\u00f1o"},"image":{"@id":"https:\/\/www.hospitalmyn.gob.ar\/site2019\/#\/schema\/logo\/image\/"}},{"@type":"Person","@id":"https:\/\/www.hospitalmyn.gob.ar\/site2019\/#\/schema\/person\/1b9b6cb2eb44bb5487b22b4873d04ea8","name":"sinfo","image":{"@type":"ImageObject","inLanguage":"es-AR","@id":"https:\/\/secure.gravatar.com\/avatar\/88aebbf8c8ff3b411915a426a24cda3437d782f0685d4969c1f26223bfc3d2d2?s=96&d=mm&r=g","url":"https:\/\/secure.gravatar.com\/avatar\/88aebbf8c8ff3b411915a426a24cda3437d782f0685d4969c1f26223bfc3d2d2?s=96&d=mm&r=g","contentUrl":"https:\/\/secure.gravatar.com\/avatar\/88aebbf8c8ff3b411915a426a24cda3437d782f0685d4969c1f26223bfc3d2d2?s=96&d=mm&r=g","caption":"sinfo"},"url":"https:\/\/www.hospitalmyn.gob.ar\/site2019\/?author=1"}]}},"_links":{"self":[{"href":"https:\/\/www.hospitalmyn.gob.ar\/site2019\/index.php?rest_route=\/wp\/v2\/posts\/3076","targetHints":{"allow":["GET"]}}],"collection":[{"href":"https:\/\/www.hospitalmyn.gob.ar\/site2019\/index.php?rest_route=\/wp\/v2\/posts"}],"about":[{"href":"https:\/\/www.hospitalmyn.gob.ar\/site2019\/index.php?rest_route=\/wp\/v2\/types\/post"}],"author":[{"embeddable":true,"href":"https:\/\/www.hospitalmyn.gob.ar\/site2019\/index.php?rest_route=\/wp\/v2\/users\/1"}],"replies":[{"embeddable":true,"href":"https:\/\/www.hospitalmyn.gob.ar\/site2019\/index.php?rest_route=%2Fwp%2Fv2%2Fcomments&post=3076"}],"version-history":[{"count":1,"href":"https:\/\/www.hospitalmyn.gob.ar\/site2019\/index.php?rest_route=\/wp\/v2\/posts\/3076\/revisions"}],"predecessor-version":[{"id":3082,"href":"https:\/\/www.hospitalmyn.gob.ar\/site2019\/index.php?rest_route=\/wp\/v2\/posts\/3076\/revisions\/3082"}],"wp:featuredmedia":[{"embeddable":true,"href":"https:\/\/www.hospitalmyn.gob.ar\/site2019\/index.php?rest_route=\/wp\/v2\/media\/3081"}],"wp:attachment":[{"href":"https:\/\/www.hospitalmyn.gob.ar\/site2019\/index.php?rest_route=%2Fwp%2Fv2%2Fmedia&parent=3076"}],"wp:term":[{"taxonomy":"category","embeddable":true,"href":"https:\/\/www.hospitalmyn.gob.ar\/site2019\/index.php?rest_route=%2Fwp%2Fv2%2Fcategories&post=3076"},{"taxonomy":"post_tag","embeddable":true,"href":"https:\/\/www.hospitalmyn.gob.ar\/site2019\/index.php?rest_route=%2Fwp%2Fv2%2Ftags&post=3076"}],"curies":[{"name":"wp","href":"https:\/\/api.w.org\/{rel}","templated":true}]}}