{"id":3177,"date":"2025-05-14T13:58:14","date_gmt":"2025-05-14T16:58:14","guid":{"rendered":"https:\/\/www.hospitalmyn.gob.ar\/site2019\/?p=3177"},"modified":"2025-05-14T13:58:14","modified_gmt":"2025-05-14T16:58:14","slug":"%f0%9f%8f%a3-visita-de-la-ops-en-el-hmyn","status":"publish","type":"post","link":"https:\/\/www.hospitalmyn.gob.ar\/site2019\/?p=3177","title":{"rendered":"\ud83c\udfe3 Visita de la OPS en el HMyN"},"content":{"rendered":"<div class=\"xdj266r x11i5rnm xat24cr x1mh8g0r x1vvkbs x126k92a\">\n<div dir=\"auto\"><span class=\"html-span xexx8yu x4uap5 x18d9i69 xkhd6sd x1hl2dhg x16tdsg8 x1vvkbs x3nfvp2 x1j61x8r x1fcty0u xdj266r xat24cr xgzva0m xhhsvwb xxymvpz xlup9mm x1kky2od\" style=\"font-size: 16px;\"><img decoding=\"async\" class=\"xz74otr x168nmei x13lgxp2 x5pf9jr xo71vjh lazyload\" data-src=\"https:\/\/static.xx.fbcdn.net\/images\/emoji.php\/v9\/t33\/1\/16\/2705.png\" alt=\"\u2705\" width=\"16\" height=\"16\" src=\"data:image\/svg+xml;base64,PHN2ZyB3aWR0aD0iMSIgaGVpZ2h0PSIxIiB4bWxucz0iaHR0cDovL3d3dy53My5vcmcvMjAwMC9zdmciPjwvc3ZnPg==\" style=\"--smush-placeholder-width: 16px; --smush-placeholder-aspect-ratio: 16\/16;\" \/><\/span><span style=\"font-size: 16px;\"> La Dra. Eva Jan\u00e9 Llopis, representante en Argentina de OPS (Organizaci\u00f3n Panamericana de la Salud), acompa\u00f1ados de la Directora Ejecutiva, Dra. Viviana P\u00e9rez y el Ministro de Salud de La Rioja, Dr. Juan Carlos Vergara, en compa\u00f1\u00eda del Director M\u00e9dico, Dr. Camilo Arga\u00f1araz y personal del HMyN recorrieron las instalaciones del HMyN.<\/p>\n<p><\/span><\/div>\n<\/div>\n<div class=\"x11i5rnm xat24cr x1mh8g0r x1vvkbs xtlvy1s x126k92a\">\n<div dir=\"auto\"><span class=\"html-span xexx8yu x4uap5 x18d9i69 xkhd6sd x1hl2dhg x16tdsg8 x1vvkbs x3nfvp2 x1j61x8r x1fcty0u xdj266r xat24cr xgzva0m xhhsvwb xxymvpz xlup9mm x1kky2od\"><img decoding=\"async\" class=\"xz74otr x168nmei x13lgxp2 x5pf9jr xo71vjh lazyload\" data-src=\"https:\/\/static.xx.fbcdn.net\/images\/emoji.php\/v9\/t8e\/1\/16\/2139.png\" alt=\"\u2139\ufe0f\" width=\"16\" height=\"16\" src=\"data:image\/svg+xml;base64,PHN2ZyB3aWR0aD0iMSIgaGVpZ2h0PSIxIiB4bWxucz0iaHR0cDovL3d3dy53My5vcmcvMjAwMC9zdmciPjwvc3ZnPg==\" style=\"--smush-placeholder-width: 16px; --smush-placeholder-aspect-ratio: 16\/16;\" \/><\/span> OPS colabor\u00f3 con el HMyN en el Programa de Comunicaci\u00f3n Visual del Entorno, programa que en conjunto realizado con el Hospital Garrahan busca intervenir el hospital creando un ambiente amigable y c\u00e1lido para los pacientes.<\/p>\n<\/div>\n<\/div>\n<div class=\"x11i5rnm xat24cr x1mh8g0r x1vvkbs xtlvy1s x126k92a\">\n<div dir=\"auto\"><span class=\"html-span xexx8yu x4uap5 x18d9i69 xkhd6sd x1hl2dhg x16tdsg8 x1vvkbs x3nfvp2 x1j61x8r x1fcty0u xdj266r xat24cr xgzva0m xhhsvwb xxymvpz xlup9mm x1kky2od\"><img decoding=\"async\" class=\"xz74otr x168nmei x13lgxp2 x5pf9jr xo71vjh lazyload\" data-src=\"https:\/\/static.xx.fbcdn.net\/images\/emoji.php\/v9\/tac\/1\/16\/1f4cc.png\" alt=\"\ud83d\udccc\" width=\"16\" height=\"16\" src=\"data:image\/svg+xml;base64,PHN2ZyB3aWR0aD0iMSIgaGVpZ2h0PSIxIiB4bWxucz0iaHR0cDovL3d3dy53My5vcmcvMjAwMC9zdmciPjwvc3ZnPg==\" style=\"--smush-placeholder-width: 16px; --smush-placeholder-aspect-ratio: 16\/16;\" \/><\/span> Este hecho marca el continuo trabajo del HMyN para fortalecer uniones con Instituciones en pos de mejorar la calidad de atenci\u00f3n a nuestros pacientes.<\/p>\n<p><img decoding=\"async\" class=\"alignnone size-medium wp-image-3181 lazyload\" data-src=\"https:\/\/www.hospitalmyn.gob.ar\/site2019\/wp-content\/uploads\/2025\/05\/pagina-4-300x240.jpg\" alt=\"\" width=\"300\" height=\"240\" data-srcset=\"https:\/\/www.hospitalmyn.gob.ar\/site2019\/wp-content\/uploads\/2025\/05\/pagina-4-300x240.jpg 300w, https:\/\/www.hospitalmyn.gob.ar\/site2019\/wp-content\/uploads\/2025\/05\/pagina-4-1024x819.jpg 1024w, https:\/\/www.hospitalmyn.gob.ar\/site2019\/wp-content\/uploads\/2025\/05\/pagina-4-768x614.jpg 768w, https:\/\/www.hospitalmyn.gob.ar\/site2019\/wp-content\/uploads\/2025\/05\/pagina-4.jpg 1170w\" data-sizes=\"(max-width: 300px) 100vw, 300px\" src=\"data:image\/svg+xml;base64,PHN2ZyB3aWR0aD0iMSIgaGVpZ2h0PSIxIiB4bWxucz0iaHR0cDovL3d3dy53My5vcmcvMjAwMC9zdmciPjwvc3ZnPg==\" style=\"--smush-placeholder-width: 300px; --smush-placeholder-aspect-ratio: 300\/240;\" \/> <img decoding=\"async\" class=\"alignnone size-medium wp-image-3180 lazyload\" data-src=\"https:\/\/www.hospitalmyn.gob.ar\/site2019\/wp-content\/uploads\/2025\/05\/pagina-3-300x240.jpg\" alt=\"\" width=\"300\" height=\"240\" data-srcset=\"https:\/\/www.hospitalmyn.gob.ar\/site2019\/wp-content\/uploads\/2025\/05\/pagina-3-300x240.jpg 300w, https:\/\/www.hospitalmyn.gob.ar\/site2019\/wp-content\/uploads\/2025\/05\/pagina-3-1024x819.jpg 1024w, https:\/\/www.hospitalmyn.gob.ar\/site2019\/wp-content\/uploads\/2025\/05\/pagina-3-768x614.jpg 768w, https:\/\/www.hospitalmyn.gob.ar\/site2019\/wp-content\/uploads\/2025\/05\/pagina-3.jpg 1170w\" data-sizes=\"(max-width: 300px) 100vw, 300px\" src=\"data:image\/svg+xml;base64,PHN2ZyB3aWR0aD0iMSIgaGVpZ2h0PSIxIiB4bWxucz0iaHR0cDovL3d3dy53My5vcmcvMjAwMC9zdmciPjwvc3ZnPg==\" style=\"--smush-placeholder-width: 300px; --smush-placeholder-aspect-ratio: 300\/240;\" \/> <img decoding=\"async\" class=\"alignnone size-medium wp-image-3179 lazyload\" data-src=\"https:\/\/www.hospitalmyn.gob.ar\/site2019\/wp-content\/uploads\/2025\/05\/pagina-2-300x240.jpg\" alt=\"\" width=\"300\" height=\"240\" data-srcset=\"https:\/\/www.hospitalmyn.gob.ar\/site2019\/wp-content\/uploads\/2025\/05\/pagina-2-300x240.jpg 300w, https:\/\/www.hospitalmyn.gob.ar\/site2019\/wp-content\/uploads\/2025\/05\/pagina-2-1024x819.jpg 1024w, https:\/\/www.hospitalmyn.gob.ar\/site2019\/wp-content\/uploads\/2025\/05\/pagina-2-768x614.jpg 768w, https:\/\/www.hospitalmyn.gob.ar\/site2019\/wp-content\/uploads\/2025\/05\/pagina-2.jpg 1170w\" data-sizes=\"(max-width: 300px) 100vw, 300px\" src=\"data:image\/svg+xml;base64,PHN2ZyB3aWR0aD0iMSIgaGVpZ2h0PSIxIiB4bWxucz0iaHR0cDovL3d3dy53My5vcmcvMjAwMC9zdmciPjwvc3ZnPg==\" style=\"--smush-placeholder-width: 300px; --smush-placeholder-aspect-ratio: 300\/240;\" \/> <img decoding=\"async\" class=\"alignnone size-medium wp-image-3182 lazyload\" data-src=\"https:\/\/www.hospitalmyn.gob.ar\/site2019\/wp-content\/uploads\/2025\/05\/pagina-5-300x240.jpg\" alt=\"\" width=\"300\" height=\"240\" data-srcset=\"https:\/\/www.hospitalmyn.gob.ar\/site2019\/wp-content\/uploads\/2025\/05\/pagina-5-300x240.jpg 300w, https:\/\/www.hospitalmyn.gob.ar\/site2019\/wp-content\/uploads\/2025\/05\/pagina-5-1024x819.jpg 1024w, https:\/\/www.hospitalmyn.gob.ar\/site2019\/wp-content\/uploads\/2025\/05\/pagina-5-768x614.jpg 768w, https:\/\/www.hospitalmyn.gob.ar\/site2019\/wp-content\/uploads\/2025\/05\/pagina-5.jpg 1170w\" data-sizes=\"(max-width: 300px) 100vw, 300px\" src=\"data:image\/svg+xml;base64,PHN2ZyB3aWR0aD0iMSIgaGVpZ2h0PSIxIiB4bWxucz0iaHR0cDovL3d3dy53My5vcmcvMjAwMC9zdmciPjwvc3ZnPg==\" style=\"--smush-placeholder-width: 300px; --smush-placeholder-aspect-ratio: 300\/240;\" \/><\/div>\n<\/div>\n","protected":false},"excerpt":{"rendered":"<p>La Dra. Eva Jan\u00e9 Llopis, representante en Argentina de OPS (Organizaci\u00f3n Panamericana de la Salud), acompa\u00f1ados de la Directora Ejecutiva, Dra. Viviana P\u00e9rez y el Ministro de Salud de La Rioja, Dr. Juan Carlos Vergara, en compa\u00f1\u00eda del Director M\u00e9dico, Dr. Camilo Arga\u00f1araz y personal del HMyN recorrieron las instalaciones del HMyN. OPS colabor\u00f3 con [&hellip;]<\/p>\n","protected":false},"author":1,"featured_media":3178,"comment_status":"closed","ping_status":"open","sticky":false,"template":"","format":"standard","meta":{"site-sidebar-layout":"default","site-content-layout":"","ast-site-content-layout":"default","site-content-style":"default","site-sidebar-style":"default","ast-global-header-display":"","ast-banner-title-visibility":"","ast-main-header-display":"","ast-hfb-above-header-display":"","ast-hfb-below-header-display":"","ast-hfb-mobile-header-display":"","site-post-title":"","ast-breadcrumbs-content":"","ast-featured-img":"","footer-sml-layout":"","theme-transparent-header-meta":"default","adv-header-id-meta":"","stick-header-meta":"","header-above-stick-meta":"","header-main-stick-meta":"","header-below-stick-meta":"","astra-migrate-meta-layouts":"set","ast-page-background-enabled":"default","ast-page-background-meta":{"desktop":{"background-color":"","background-image":"","background-repeat":"repeat","background-position":"center center","background-size":"auto","background-attachment":"scroll","background-type":"","background-media":"","overlay-type":"","overlay-color":"","overlay-opacity":"","overlay-gradient":""},"tablet":{"background-color":"","background-image":"","background-repeat":"repeat","background-position":"center center","background-size":"auto","background-attachment":"scroll","background-type":"","background-media":"","overlay-type":"","overlay-color":"","overlay-opacity":"","overlay-gradient":""},"mobile":{"background-color":"","background-image":"","background-repeat":"repeat","background-position":"center center","background-size":"auto","background-attachment":"scroll","background-type":"","background-media":"","overlay-type":"","overlay-color":"","overlay-opacity":"","overlay-gradient":""}},"ast-content-background-meta":{"desktop":{"background-color":"var(--ast-global-color-5)","background-image":"","background-repeat":"repeat","background-position":"center center","background-size":"auto","background-attachment":"scroll","background-type":"","background-media":"","overlay-type":"","overlay-color":"","overlay-opacity":"","overlay-gradient":""},"tablet":{"background-color":"var(--ast-global-color-5)","background-image":"","background-repeat":"repeat","background-position":"center center","background-size":"auto","background-attachment":"scroll","background-type":"","background-media":"","overlay-type":"","overlay-color":"","overlay-opacity":"","overlay-gradient":""},"mobile":{"background-color":"var(--ast-global-color-5)","background-image":"","background-repeat":"repeat","background-position":"center center","background-size":"auto","background-attachment":"scroll","background-type":"","background-media":"","overlay-type":"","overlay-color":"","overlay-opacity":"","overlay-gradient":""}},"footnotes":""},"categories":[18],"tags":[],"class_list":["post-3177","post","type-post","status-publish","format-standard","has-post-thumbnail","hentry","category-noticia"],"yoast_head":"<!-- This site is optimized with the Yoast SEO plugin v27.4 - https:\/\/yoast.com\/product\/yoast-seo-wordpress\/ -->\n<title>\ud83c\udfe3 Visita de la OPS en el HMyN - Hospital de la Madre y el Ni\u00f1o<\/title>\n<meta name=\"robots\" content=\"index, follow, max-snippet:-1, max-image-preview:large, max-video-preview:-1\" \/>\n<link rel=\"canonical\" href=\"https:\/\/www.hospitalmyn.gob.ar\/site2019\/?p=3177\" \/>\n<meta property=\"og:locale\" content=\"es_ES\" \/>\n<meta property=\"og:type\" content=\"article\" \/>\n<meta property=\"og:title\" content=\"\ud83c\udfe3 Visita de la OPS en el HMyN - Hospital de la Madre y el Ni\u00f1o\" \/>\n<meta property=\"og:description\" content=\"La Dra. Eva Jan\u00e9 Llopis, representante en Argentina de OPS (Organizaci\u00f3n Panamericana de la Salud), acompa\u00f1ados de la Directora Ejecutiva, Dra. Viviana P\u00e9rez y el Ministro de Salud de La Rioja, Dr. Juan Carlos Vergara, en compa\u00f1\u00eda del Director M\u00e9dico, Dr. Camilo Arga\u00f1araz y personal del HMyN recorrieron las instalaciones del HMyN. OPS colabor\u00f3 con [&hellip;]\" \/>\n<meta property=\"og:url\" content=\"https:\/\/www.hospitalmyn.gob.ar\/site2019\/?p=3177\" \/>\n<meta property=\"og:site_name\" content=\"Hospital de la Madre y el Ni\u00f1o\" \/>\n<meta property=\"article:published_time\" content=\"2025-05-14T16:58:14+00:00\" \/>\n<meta property=\"og:image\" content=\"https:\/\/www.hospitalmyn.gob.ar\/site2019\/wp-content\/uploads\/2025\/05\/pagina-1.jpg\" \/>\n\t<meta property=\"og:image:width\" content=\"1170\" \/>\n\t<meta property=\"og:image:height\" content=\"936\" \/>\n\t<meta property=\"og:image:type\" content=\"image\/jpeg\" \/>\n<meta name=\"author\" content=\"sinfo\" \/>\n<meta name=\"twitter:card\" content=\"summary_large_image\" \/>\n<meta name=\"twitter:label1\" content=\"Escrito por\" \/>\n\t<meta name=\"twitter:data1\" content=\"sinfo\" \/>\n\t<meta name=\"twitter:label2\" content=\"Tiempo de lectura\" \/>\n\t<meta name=\"twitter:data2\" content=\"1 minuto\" \/>\n<script type=\"application\/ld+json\" class=\"yoast-schema-graph\">{\"@context\":\"https:\\\/\\\/schema.org\",\"@graph\":[{\"@type\":\"Article\",\"@id\":\"https:\\\/\\\/www.hospitalmyn.gob.ar\\\/site2019\\\/?p=3177#article\",\"isPartOf\":{\"@id\":\"https:\\\/\\\/www.hospitalmyn.gob.ar\\\/site2019\\\/?p=3177\"},\"author\":{\"name\":\"sinfo\",\"@id\":\"https:\\\/\\\/www.hospitalmyn.gob.ar\\\/site2019\\\/#\\\/schema\\\/person\\\/1b9b6cb2eb44bb5487b22b4873d04ea8\"},\"headline\":\"\ud83c\udfe3 Visita de la OPS en el HMyN\",\"datePublished\":\"2025-05-14T16:58:14+00:00\",\"mainEntityOfPage\":{\"@id\":\"https:\\\/\\\/www.hospitalmyn.gob.ar\\\/site2019\\\/?p=3177\"},\"wordCount\":127,\"publisher\":{\"@id\":\"https:\\\/\\\/www.hospitalmyn.gob.ar\\\/site2019\\\/#organization\"},\"image\":{\"@id\":\"https:\\\/\\\/www.hospitalmyn.gob.ar\\\/site2019\\\/?p=3177#primaryimage\"},\"thumbnailUrl\":\"https:\\\/\\\/www.hospitalmyn.gob.ar\\\/site2019\\\/wp-content\\\/uploads\\\/2025\\\/05\\\/pagina-1.jpg\",\"articleSection\":[\"Noticia\"],\"inLanguage\":\"es-AR\"},{\"@type\":\"WebPage\",\"@id\":\"https:\\\/\\\/www.hospitalmyn.gob.ar\\\/site2019\\\/?p=3177\",\"url\":\"https:\\\/\\\/www.hospitalmyn.gob.ar\\\/site2019\\\/?p=3177\",\"name\":\"\ud83c\udfe3 Visita de la OPS en el HMyN - Hospital de la Madre y el Ni\u00f1o\",\"isPartOf\":{\"@id\":\"https:\\\/\\\/www.hospitalmyn.gob.ar\\\/site2019\\\/#website\"},\"primaryImageOfPage\":{\"@id\":\"https:\\\/\\\/www.hospitalmyn.gob.ar\\\/site2019\\\/?p=3177#primaryimage\"},\"image\":{\"@id\":\"https:\\\/\\\/www.hospitalmyn.gob.ar\\\/site2019\\\/?p=3177#primaryimage\"},\"thumbnailUrl\":\"https:\\\/\\\/www.hospitalmyn.gob.ar\\\/site2019\\\/wp-content\\\/uploads\\\/2025\\\/05\\\/pagina-1.jpg\",\"datePublished\":\"2025-05-14T16:58:14+00:00\",\"breadcrumb\":{\"@id\":\"https:\\\/\\\/www.hospitalmyn.gob.ar\\\/site2019\\\/?p=3177#breadcrumb\"},\"inLanguage\":\"es-AR\",\"potentialAction\":[{\"@type\":\"ReadAction\",\"target\":[\"https:\\\/\\\/www.hospitalmyn.gob.ar\\\/site2019\\\/?p=3177\"]}]},{\"@type\":\"ImageObject\",\"inLanguage\":\"es-AR\",\"@id\":\"https:\\\/\\\/www.hospitalmyn.gob.ar\\\/site2019\\\/?p=3177#primaryimage\",\"url\":\"https:\\\/\\\/www.hospitalmyn.gob.ar\\\/site2019\\\/wp-content\\\/uploads\\\/2025\\\/05\\\/pagina-1.jpg\",\"contentUrl\":\"https:\\\/\\\/www.hospitalmyn.gob.ar\\\/site2019\\\/wp-content\\\/uploads\\\/2025\\\/05\\\/pagina-1.jpg\",\"width\":1170,\"height\":936},{\"@type\":\"BreadcrumbList\",\"@id\":\"https:\\\/\\\/www.hospitalmyn.gob.ar\\\/site2019\\\/?p=3177#breadcrumb\",\"itemListElement\":[{\"@type\":\"ListItem\",\"position\":1,\"name\":\"Inicio\",\"item\":\"https:\\\/\\\/www.hospitalmyn.gob.ar\\\/site2019\\\/\"},{\"@type\":\"ListItem\",\"position\":2,\"name\":\"\ud83c\udfe3 Visita de la OPS en el HMyN\"}]},{\"@type\":\"WebSite\",\"@id\":\"https:\\\/\\\/www.hospitalmyn.gob.ar\\\/site2019\\\/#website\",\"url\":\"https:\\\/\\\/www.hospitalmyn.gob.ar\\\/site2019\\\/\",\"name\":\"Hospital de la Madre y el Ni\u00f1o\",\"description\":\"\",\"publisher\":{\"@id\":\"https:\\\/\\\/www.hospitalmyn.gob.ar\\\/site2019\\\/#organization\"},\"potentialAction\":[{\"@type\":\"SearchAction\",\"target\":{\"@type\":\"EntryPoint\",\"urlTemplate\":\"https:\\\/\\\/www.hospitalmyn.gob.ar\\\/site2019\\\/?s={search_term_string}\"},\"query-input\":{\"@type\":\"PropertyValueSpecification\",\"valueRequired\":true,\"valueName\":\"search_term_string\"}}],\"inLanguage\":\"es-AR\"},{\"@type\":\"Organization\",\"@id\":\"https:\\\/\\\/www.hospitalmyn.gob.ar\\\/site2019\\\/#organization\",\"name\":\"Hospital de la Madre y el Ni\u00f1o\",\"url\":\"https:\\\/\\\/www.hospitalmyn.gob.ar\\\/site2019\\\/\",\"logo\":{\"@type\":\"ImageObject\",\"inLanguage\":\"es-AR\",\"@id\":\"https:\\\/\\\/www.hospitalmyn.gob.ar\\\/site2019\\\/#\\\/schema\\\/logo\\\/image\\\/\",\"url\":\"https:\\\/\\\/www.hospitalmyn.gob.ar\\\/site2019\\\/wp-content\\\/uploads\\\/2018\\\/12\\\/LOGOPNG80X80.png\",\"contentUrl\":\"https:\\\/\\\/www.hospitalmyn.gob.ar\\\/site2019\\\/wp-content\\\/uploads\\\/2018\\\/12\\\/LOGOPNG80X80.png\",\"width\":80,\"height\":80,\"caption\":\"Hospital de la Madre y el Ni\u00f1o\"},\"image\":{\"@id\":\"https:\\\/\\\/www.hospitalmyn.gob.ar\\\/site2019\\\/#\\\/schema\\\/logo\\\/image\\\/\"}},{\"@type\":\"Person\",\"@id\":\"https:\\\/\\\/www.hospitalmyn.gob.ar\\\/site2019\\\/#\\\/schema\\\/person\\\/1b9b6cb2eb44bb5487b22b4873d04ea8\",\"name\":\"sinfo\",\"image\":{\"@type\":\"ImageObject\",\"inLanguage\":\"es-AR\",\"@id\":\"https:\\\/\\\/secure.gravatar.com\\\/avatar\\\/88aebbf8c8ff3b411915a426a24cda3437d782f0685d4969c1f26223bfc3d2d2?s=96&d=mm&r=g\",\"url\":\"https:\\\/\\\/secure.gravatar.com\\\/avatar\\\/88aebbf8c8ff3b411915a426a24cda3437d782f0685d4969c1f26223bfc3d2d2?s=96&d=mm&r=g\",\"contentUrl\":\"https:\\\/\\\/secure.gravatar.com\\\/avatar\\\/88aebbf8c8ff3b411915a426a24cda3437d782f0685d4969c1f26223bfc3d2d2?s=96&d=mm&r=g\",\"caption\":\"sinfo\"},\"url\":\"https:\\\/\\\/www.hospitalmyn.gob.ar\\\/site2019\\\/?author=1\"}]}<\/script>\n<!-- \/ Yoast SEO plugin. -->","yoast_head_json":{"title":"\ud83c\udfe3 Visita de la OPS en el HMyN - Hospital de la Madre y el Ni\u00f1o","robots":{"index":"index","follow":"follow","max-snippet":"max-snippet:-1","max-image-preview":"max-image-preview:large","max-video-preview":"max-video-preview:-1"},"canonical":"https:\/\/www.hospitalmyn.gob.ar\/site2019\/?p=3177","og_locale":"es_ES","og_type":"article","og_title":"\ud83c\udfe3 Visita de la OPS en el HMyN - Hospital de la Madre y el Ni\u00f1o","og_description":"La Dra. Eva Jan\u00e9 Llopis, representante en Argentina de OPS (Organizaci\u00f3n Panamericana de la Salud), acompa\u00f1ados de la Directora Ejecutiva, Dra. Viviana P\u00e9rez y el Ministro de Salud de La Rioja, Dr. Juan Carlos Vergara, en compa\u00f1\u00eda del Director M\u00e9dico, Dr. Camilo Arga\u00f1araz y personal del HMyN recorrieron las instalaciones del HMyN. OPS colabor\u00f3 con [&hellip;]","og_url":"https:\/\/www.hospitalmyn.gob.ar\/site2019\/?p=3177","og_site_name":"Hospital de la Madre y el Ni\u00f1o","article_published_time":"2025-05-14T16:58:14+00:00","og_image":[{"width":1170,"height":936,"url":"https:\/\/www.hospitalmyn.gob.ar\/site2019\/wp-content\/uploads\/2025\/05\/pagina-1.jpg","type":"image\/jpeg"}],"author":"sinfo","twitter_card":"summary_large_image","twitter_misc":{"Escrito por":"sinfo","Tiempo de lectura":"1 minuto"},"schema":{"@context":"https:\/\/schema.org","@graph":[{"@type":"Article","@id":"https:\/\/www.hospitalmyn.gob.ar\/site2019\/?p=3177#article","isPartOf":{"@id":"https:\/\/www.hospitalmyn.gob.ar\/site2019\/?p=3177"},"author":{"name":"sinfo","@id":"https:\/\/www.hospitalmyn.gob.ar\/site2019\/#\/schema\/person\/1b9b6cb2eb44bb5487b22b4873d04ea8"},"headline":"\ud83c\udfe3 Visita de la OPS en el HMyN","datePublished":"2025-05-14T16:58:14+00:00","mainEntityOfPage":{"@id":"https:\/\/www.hospitalmyn.gob.ar\/site2019\/?p=3177"},"wordCount":127,"publisher":{"@id":"https:\/\/www.hospitalmyn.gob.ar\/site2019\/#organization"},"image":{"@id":"https:\/\/www.hospitalmyn.gob.ar\/site2019\/?p=3177#primaryimage"},"thumbnailUrl":"https:\/\/www.hospitalmyn.gob.ar\/site2019\/wp-content\/uploads\/2025\/05\/pagina-1.jpg","articleSection":["Noticia"],"inLanguage":"es-AR"},{"@type":"WebPage","@id":"https:\/\/www.hospitalmyn.gob.ar\/site2019\/?p=3177","url":"https:\/\/www.hospitalmyn.gob.ar\/site2019\/?p=3177","name":"\ud83c\udfe3 Visita de la OPS en el HMyN - Hospital de la Madre y el Ni\u00f1o","isPartOf":{"@id":"https:\/\/www.hospitalmyn.gob.ar\/site2019\/#website"},"primaryImageOfPage":{"@id":"https:\/\/www.hospitalmyn.gob.ar\/site2019\/?p=3177#primaryimage"},"image":{"@id":"https:\/\/www.hospitalmyn.gob.ar\/site2019\/?p=3177#primaryimage"},"thumbnailUrl":"https:\/\/www.hospitalmyn.gob.ar\/site2019\/wp-content\/uploads\/2025\/05\/pagina-1.jpg","datePublished":"2025-05-14T16:58:14+00:00","breadcrumb":{"@id":"https:\/\/www.hospitalmyn.gob.ar\/site2019\/?p=3177#breadcrumb"},"inLanguage":"es-AR","potentialAction":[{"@type":"ReadAction","target":["https:\/\/www.hospitalmyn.gob.ar\/site2019\/?p=3177"]}]},{"@type":"ImageObject","inLanguage":"es-AR","@id":"https:\/\/www.hospitalmyn.gob.ar\/site2019\/?p=3177#primaryimage","url":"https:\/\/www.hospitalmyn.gob.ar\/site2019\/wp-content\/uploads\/2025\/05\/pagina-1.jpg","contentUrl":"https:\/\/www.hospitalmyn.gob.ar\/site2019\/wp-content\/uploads\/2025\/05\/pagina-1.jpg","width":1170,"height":936},{"@type":"BreadcrumbList","@id":"https:\/\/www.hospitalmyn.gob.ar\/site2019\/?p=3177#breadcrumb","itemListElement":[{"@type":"ListItem","position":1,"name":"Inicio","item":"https:\/\/www.hospitalmyn.gob.ar\/site2019\/"},{"@type":"ListItem","position":2,"name":"\ud83c\udfe3 Visita de la OPS en el HMyN"}]},{"@type":"WebSite","@id":"https:\/\/www.hospitalmyn.gob.ar\/site2019\/#website","url":"https:\/\/www.hospitalmyn.gob.ar\/site2019\/","name":"Hospital de la Madre y el Ni\u00f1o","description":"","publisher":{"@id":"https:\/\/www.hospitalmyn.gob.ar\/site2019\/#organization"},"potentialAction":[{"@type":"SearchAction","target":{"@type":"EntryPoint","urlTemplate":"https:\/\/www.hospitalmyn.gob.ar\/site2019\/?s={search_term_string}"},"query-input":{"@type":"PropertyValueSpecification","valueRequired":true,"valueName":"search_term_string"}}],"inLanguage":"es-AR"},{"@type":"Organization","@id":"https:\/\/www.hospitalmyn.gob.ar\/site2019\/#organization","name":"Hospital de la Madre y el Ni\u00f1o","url":"https:\/\/www.hospitalmyn.gob.ar\/site2019\/","logo":{"@type":"ImageObject","inLanguage":"es-AR","@id":"https:\/\/www.hospitalmyn.gob.ar\/site2019\/#\/schema\/logo\/image\/","url":"https:\/\/www.hospitalmyn.gob.ar\/site2019\/wp-content\/uploads\/2018\/12\/LOGOPNG80X80.png","contentUrl":"https:\/\/www.hospitalmyn.gob.ar\/site2019\/wp-content\/uploads\/2018\/12\/LOGOPNG80X80.png","width":80,"height":80,"caption":"Hospital de la Madre y el Ni\u00f1o"},"image":{"@id":"https:\/\/www.hospitalmyn.gob.ar\/site2019\/#\/schema\/logo\/image\/"}},{"@type":"Person","@id":"https:\/\/www.hospitalmyn.gob.ar\/site2019\/#\/schema\/person\/1b9b6cb2eb44bb5487b22b4873d04ea8","name":"sinfo","image":{"@type":"ImageObject","inLanguage":"es-AR","@id":"https:\/\/secure.gravatar.com\/avatar\/88aebbf8c8ff3b411915a426a24cda3437d782f0685d4969c1f26223bfc3d2d2?s=96&d=mm&r=g","url":"https:\/\/secure.gravatar.com\/avatar\/88aebbf8c8ff3b411915a426a24cda3437d782f0685d4969c1f26223bfc3d2d2?s=96&d=mm&r=g","contentUrl":"https:\/\/secure.gravatar.com\/avatar\/88aebbf8c8ff3b411915a426a24cda3437d782f0685d4969c1f26223bfc3d2d2?s=96&d=mm&r=g","caption":"sinfo"},"url":"https:\/\/www.hospitalmyn.gob.ar\/site2019\/?author=1"}]}},"_links":{"self":[{"href":"https:\/\/www.hospitalmyn.gob.ar\/site2019\/index.php?rest_route=\/wp\/v2\/posts\/3177","targetHints":{"allow":["GET"]}}],"collection":[{"href":"https:\/\/www.hospitalmyn.gob.ar\/site2019\/index.php?rest_route=\/wp\/v2\/posts"}],"about":[{"href":"https:\/\/www.hospitalmyn.gob.ar\/site2019\/index.php?rest_route=\/wp\/v2\/types\/post"}],"author":[{"embeddable":true,"href":"https:\/\/www.hospitalmyn.gob.ar\/site2019\/index.php?rest_route=\/wp\/v2\/users\/1"}],"replies":[{"embeddable":true,"href":"https:\/\/www.hospitalmyn.gob.ar\/site2019\/index.php?rest_route=%2Fwp%2Fv2%2Fcomments&post=3177"}],"version-history":[{"count":1,"href":"https:\/\/www.hospitalmyn.gob.ar\/site2019\/index.php?rest_route=\/wp\/v2\/posts\/3177\/revisions"}],"predecessor-version":[{"id":3183,"href":"https:\/\/www.hospitalmyn.gob.ar\/site2019\/index.php?rest_route=\/wp\/v2\/posts\/3177\/revisions\/3183"}],"wp:featuredmedia":[{"embeddable":true,"href":"https:\/\/www.hospitalmyn.gob.ar\/site2019\/index.php?rest_route=\/wp\/v2\/media\/3178"}],"wp:attachment":[{"href":"https:\/\/www.hospitalmyn.gob.ar\/site2019\/index.php?rest_route=%2Fwp%2Fv2%2Fmedia&parent=3177"}],"wp:term":[{"taxonomy":"category","embeddable":true,"href":"https:\/\/www.hospitalmyn.gob.ar\/site2019\/index.php?rest_route=%2Fwp%2Fv2%2Fcategories&post=3177"},{"taxonomy":"post_tag","embeddable":true,"href":"https:\/\/www.hospitalmyn.gob.ar\/site2019\/index.php?rest_route=%2Fwp%2Fv2%2Ftags&post=3177"}],"curies":[{"name":"wp","href":"https:\/\/api.w.org\/{rel}","templated":true}]}}